{"id":99,"date":"2024-07-18T10:46:26","date_gmt":"2024-07-18T08:46:26","guid":{"rendered":"https:\/\/lestpr.fr\/?p=99"},"modified":"2025-01-13T11:40:33","modified_gmt":"2025-01-13T10:40:33","slug":"un-succes-prometteur-pour-la-premiere-rencontre-producteurs-diffuseurs","status":"publish","type":"post","link":"https:\/\/lestpr.fr\/index.php\/2024\/07\/18\/un-succes-prometteur-pour-la-premiere-rencontre-producteurs-diffuseurs\/","title":{"rendered":"Un succ\u00e8s prometteur pour la premi\u00e8re rencontre producteurs \/ diffuseurs."},"content":{"rendered":"\n<p>Le 18 juin 2024 a marqu\u00e9 une \u00e9tape importante pour l&#8217;association des Th\u00e9\u00e2tres Publics R\u00e9gionaux (TPR) avec la tenue de la premi\u00e8re rencontre entre producteurs\/diffuseurs et les membres de l&#8217;association. Cet \u00e9v\u00e9nement, organis\u00e9 \u00e0 l&#8217;initiative des TPR, a \u00e9t\u00e9 accueilli dans le cadre enchanteur de l&#8217;auditorium de la Maison des Auteurs de la SACD, que nous remercions chaleureusement pour leur hospitalit\u00e9.<\/p>\n\n\n\n<h2 class=\"wp-block-heading\">Une rencontre enrichissante<\/h2>\n\n\n\n<p>Apr\u00e8s un tour de salle permettant \u00e0 chacun de se pr\u00e9senter, Lo\u00efc Bonnet a introduit l&#8217;association des TPR. Il a ensuite pass\u00e9 la parole \u00e0 Florian Hanssens, qui a d\u00e9taill\u00e9 le maillage du territoire fran\u00e7ais par les th\u00e9\u00e2tres de l&#8217;association et l&#8217;importance \u00e9conomique de ces lieux dans le paysage th\u00e9\u00e2tral fran\u00e7ais.<\/p>\n\n\n\n<p>Lo\u00efc Bonnet a ensuite \u00e9voqu\u00e9 les conditions d&#8217;accueil dans nos th\u00e9\u00e2tres, soulignant l&#8217;importance de la prise de conscience collective sur ce sujet. Pour faciliter l&#8217;\u00e9change d&#8217;informations, un flash code a \u00e9t\u00e9 fourni, donnant acc\u00e8s aux coordonn\u00e9es des membres de l&#8217;association. Un contact unique a \u00e9galement \u00e9t\u00e9 mis en place pour les producteurs souhaitant obtenir des informations communes \u00e0 tous les TPR.<\/p>\n\n\n\n<h2 class=\"wp-block-heading\">Renforcement des relations partenariales<\/h2>\n\n\n\n<p>La discussion s&#8217;est ensuite orient\u00e9e vers les moyens de poursuivre et d&#8217;am\u00e9liorer les relations entre les diff\u00e9rents partenaires de l&#8217;\u00e9cosyst\u00e8me du spectacle vivant. Tous ont r\u00e9affirm\u00e9 leur attachement \u00e0 des collaborations saines, respectueuses et fluides sur le long terme, soulignant l&#8217;importance de la confiance mutuelle.<\/p>\n\n\n\n<h3 class=\"wp-block-heading\">Collaborations Hors-les-Murs<\/h3>\n\n\n\n<p>Les collaborations hors-les-murs ont \u00e9galement \u00e9t\u00e9 abord\u00e9es, certains TPR souhaitant \u00eatre identifi\u00e9s comme ressources possibles pour l&#8217;organisation de spectacles hors des th\u00e9\u00e2tres traditionnels. Cette d\u00e9marche est vue comme une extension naturelle de l&#8217;accueil des artistes dans les th\u00e9\u00e2tres des TPR.<\/p>\n\n\n\n<h3 class=\"wp-block-heading\">Clarification et harmonisation des pratiques<\/h3>\n\n\n\n<p>Plusieurs chantiers ont \u00e9t\u00e9 \u00e9voqu\u00e9s pour l&#8217;avenir des TPR. Afin de renforcer les liens, l&#8217;association pr\u00e9voit d&#8217;aborder, lors de sa prochaine assembl\u00e9e g\u00e9n\u00e9rale, la clarification des conditions propos\u00e9es et un d\u00e9but d&#8217;harmonisation des pratiques. L&#8217;\u00e9tablissement de fiches signal\u00e9tiques pour les \u00e9tablissements membres a \u00e9galement \u00e9t\u00e9 identifi\u00e9 comme une aide pr\u00e9cieuse pour les diffuseurs.<\/p>\n\n\n\n<h3 class=\"wp-block-heading\">Importance des rencontres r\u00e9guli\u00e8res<\/h3>\n\n\n\n<p>Tous les participants ont soulign\u00e9 l&#8217;importance de tenir r\u00e9guli\u00e8rement ce type de r\u00e9unions pour maintenir un dialogue ouvert et sans tabou. Encourag\u00e9s par le succ\u00e8s de cette premi\u00e8re rencontre, les TPR envisagent d\u00e9j\u00e0 de programmer d&#8217;autres r\u00e9unions d\u00e8s la rentr\u00e9e prochaine.<\/p>\n\n\n\n<p>Fid\u00e8les \u00e0 leur tradition d&#8217;accueil, les TPR ont cl\u00f4tur\u00e9 cette rencontre fructueuse par un verre de l&#8217;amiti\u00e9, marquant ainsi la fin d&#8217;une journ\u00e9e riche en \u00e9changes et en perspectives prometteuses pour l&#8217;avenir des collaborations entre producteurs, diffuseurs et th\u00e9\u00e2tres publics r\u00e9gionaux.<\/p>\n\n\n\n<hr class=\"wp-block-separator has-alpha-channel-opacity\"\/>\n\n\n\n<p>Pour rester inform\u00e9 des prochaines rencontres et des actualit\u00e9s des TPR, n&#8217;h\u00e9sitez pas \u00e0 vous abonner \u00e0 notre newsletter.<\/p>\n\n\n\n<p><\/p>\n","protected":false},"excerpt":{"rendered":"<p>Le 18 juin 2024 a marqu\u00e9 une \u00e9tape importante pour l&#8217;association des Th\u00e9\u00e2tres Publics R\u00e9gionaux (TPR) avec la tenue de la premi\u00e8re rencontre entre producteurs\/diffuseurs et les membres de l&#8217;association. Cet \u00e9v\u00e9nement, organis\u00e9 \u00e0 l&#8217;initiative des TPR, a \u00e9t\u00e9 accueilli dans le cadre enchanteur de l&#8217;auditorium de la Maison des Auteurs de la SACD, que [&hellip;]<\/p>\n","protected":false},"author":1,"featured_media":223,"comment_status":"closed","ping_status":"","sticky":false,"template":"","format":"standard","meta":{"saved_in_kubio":false,"footnotes":""},"categories":[1],"tags":[],"class_list":["post-99","post","type-post","status-publish","format-standard","has-post-thumbnail","hentry","category-non-classe"],"_links":{"self":[{"href":"https:\/\/lestpr.fr\/index.php\/wp-json\/wp\/v2\/posts\/99","targetHints":{"allow":["GET"]}}],"collection":[{"href":"https:\/\/lestpr.fr\/index.php\/wp-json\/wp\/v2\/posts"}],"about":[{"href":"https:\/\/lestpr.fr\/index.php\/wp-json\/wp\/v2\/types\/post"}],"author":[{"embeddable":true,"href":"https:\/\/lestpr.fr\/index.php\/wp-json\/wp\/v2\/users\/1"}],"replies":[{"embeddable":true,"href":"https:\/\/lestpr.fr\/index.php\/wp-json\/wp\/v2\/comments?post=99"}],"version-history":[{"count":2,"href":"https:\/\/lestpr.fr\/index.php\/wp-json\/wp\/v2\/posts\/99\/revisions"}],"predecessor-version":[{"id":101,"href":"https:\/\/lestpr.fr\/index.php\/wp-json\/wp\/v2\/posts\/99\/revisions\/101"}],"wp:featuredmedia":[{"embeddable":true,"href":"https:\/\/lestpr.fr\/index.php\/wp-json\/wp\/v2\/media\/223"}],"wp:attachment":[{"href":"https:\/\/lestpr.fr\/index.php\/wp-json\/wp\/v2\/media?parent=99"}],"wp:term":[{"taxonomy":"category","embeddable":true,"href":"https:\/\/lestpr.fr\/index.php\/wp-json\/wp\/v2\/categories?post=99"},{"taxonomy":"post_tag","embeddable":true,"href":"https:\/\/lestpr.fr\/index.php\/wp-json\/wp\/v2\/tags?post=99"}],"curies":[{"name":"wp","href":"https:\/\/api.w.org\/{rel}","templated":true}]}}